{"id":962,"date":"2023-02-21T16:24:48","date_gmt":"2023-02-21T16:24:48","guid":{"rendered":"https:\/\/revistaacropolis.com\/?p=962"},"modified":"2023-02-21T16:24:50","modified_gmt":"2023-02-21T16:24:50","slug":"erick-marte-reflexiona-con-su-obra-tu-eres-la-paz","status":"publish","type":"post","link":"https:\/\/revistaacropolis.com\/index.php\/erick-marte-reflexiona-con-su-obra-tu-eres-la-paz\/reportajes_especiales\/","title":{"rendered":"Erick Marte reflexiona con su obra \u201cT\u00fa eres la paz\u201d"},"content":{"rendered":"\n<p>Empresario, activista social, fil\u00e1ntropo, compositor pol\u00edtico y escritor, comparte para Acr\u00f3polis, su obra literaria <strong>\u201cTu eres la paz\u201d,<\/strong> una obra de reflexi\u00f3n, donde en 38 cap\u00edtulos narra sobre c\u00f3mo \u00e9l, <strong>con base en su experiencia, se puede encontrar el \u00e9xito, libertar, el perd\u00f3n, la prosperidad, pero sobre todo la paz.<\/strong><\/p>\n\n\n\n<p>Un trayecto de 25 a\u00f1os lo llev\u00f3 a esta obra literaria, comenzando con la m\u00fasica, en 1994 con el conflicto de Chiapas, bas\u00e1ndose en el conflicto armado zapatista, compuso<strong> \u201cFraternidad\u201d una canci\u00f3n que son\u00f3 en diversas estaciones de radio, como en el baj\u00edo y en el centro del pa\u00eds.<\/strong> Desde entonces, ya generando ideas para el libro con el concepto de la reconciliaci\u00f3n, algunas difusoras de la Ciudad de M\u00e9xico (anteriormente Distrito Federal) reproducen <strong>\u201cFraternidad\u201d despu\u00e9s del himno nacional.<\/strong><\/p>\n\n\n\n<p>[su_quote cite=\u00bbMe dieron algunos reconocimientos de la estaci\u00f3n nacional de locutores, con el motivo de la canci\u00f3n, no solamente por la m\u00fasica, porque una canci\u00f3n tiene que cumplir con los requisitos de que guste la melod\u00eda, tambi\u00e9n el contenido es importante, ah\u00ed nos dimos a la tarea de participar en todo lo que tuviera que ver de la lucha por la vida, los derechos humanos, por la igualdad, por la equidad, por la democracia, por la econom\u00eda social, que son temas que van relacionados, con el objetivo de la paz\u201d. Explic\u00f3\u00bb][\/su_quote]<\/p>\n\n\n\n<p>Un gran trayecto por recorrer para poder culminar \u201cT\u00fa eres la paz\u201d , Erick poco a poco <strong>iba almacenando ideas, llevaba un proceso, escrib\u00eda en apuntes, en cuadernos, la computadora no era su mejor aliada, <\/strong>hasta que una ma\u00f1ana, recibi\u00f3 una mala noticia, donde ten\u00eda muchas de sus actividades y su proyecto del libro, se incendi\u00f3. <strong>Bajo los escombros y cenizas pudo rescatar algunos cuadernos, entre ellas, una libreta vieja, donde ten\u00eda escrito diversas ideas para esta publicaci\u00f3n,<\/strong> hab\u00eda hecho el primer t\u00edtulo, le cambiar\u00eda la historia a una libreta quemada, no hay mal que por bien no venga y por eso apareci\u00f3 la libreta.<\/p>\n\n\n\n<p>[su_quote cite=\u00bbEn el libro decid\u00ed clasificar los primeros temas que son \u00e1mbito individual con un enfoque de autoayuda y motivaci\u00f3n, de esa manera fui encontrando que la paz es un rompecabezas, cada pieza est\u00e1 constituida, por una parte, muy importante, si no hay perd\u00f3n, no hay paz, no podr\u00e1 haber paz en un lugar donde hay hambre, no hay igualdad, no hay derechos humanos, no hay educaci\u00f3n y es una parte que desarroll\u00e9 mucho en el libro, hago una propuesta sobre un enfoque diferente en la declaraci\u00f3n y se\u00f1alando algunos errores, que ha tenido a educaci\u00f3n en diferentes sistemas educativos del mundo\u201d. Relat\u00f3 para Acr\u00f3polis.\u00bb][\/su_quote]<\/p>\n\n\n\n<p>Para Erick, tener un objetivo, <strong>es un factor importante, aparte individual, primero se tiene que describir cu\u00e1les son los elementos en esos que contribuyen a que se pueda crear un ambiente,<\/strong> un escenario detr\u00e1s y obviamente surge y se desprende, el por qu\u00e9 son los conflictos, porque no hay perd\u00f3n, por qu\u00e9 nos cuesta trabajo la reconciliaci\u00f3n, <strong>hay situaciones que no se resuelven, a veces son familiares, personales o con la sociedad.<\/strong><\/p>\n\n\n\n<p>[su_quote cite=\u00bbEs un libro que como lo mencionaba, primero va a un enfoque individual y despu\u00e9s me paso a lo colectivo, a lo general, obviamente en cada cap\u00edtulo, voy haciendo propuestas, porque no es nada m\u00e1s, hacer una cr\u00edtica; si una cr\u00edtica viene acompa\u00f1ada de una propuesta, no vale, una cr\u00edtica tiene un valor, cuando t\u00fa tienes una alternativa, ofreces una opci\u00f3n.En cada uno de los temas, voy presentando cada una propuesta, ya sea para el \u00e1mbito legislativo, por si un d\u00eda volvemos a estar ocupando un lugar como ya lo hice y llevar esas ideas como ya lo hice\u201d. Mencion\u00f3\u00bb][\/su_quote]<\/p>\n\n\n\n<p>El objetivo del \u201cT\u00fa eres la Paz\u201d, <strong>no es escribir para vender libros, es social y es generar cambios, ya que menciona temas sobre la econom\u00eda, se muestran ejemplos de gente que tuvo premio nobel de econom\u00eda, <\/strong>retomando ideas que podr\u00edan funcionar en cualquier lugar del mundo.<\/p>\n\n\n\n<p>[su_quote cite=\u00bbNo hay ofensas para nadie, las cr\u00edticas son para algunos personajes que ya no viven, como Hitler, ya no hay como me reclamen, pero para los que est\u00e1n vigentes en la actividad pol\u00edtica y econ\u00f3mica, no hay ofensas, solo propuestas\u201d. Expresa\u00bb][\/su_quote]<\/p>\n\n\n\n<p>Es un libro que <strong>no tiene prejuicios ideol\u00f3gicos, no genera prejuicios ideol\u00f3gicos o religiosos, no hay ataques para nadie, solo propuestas y cr\u00edticas constructivas.<\/strong><\/p>\n","protected":false},"excerpt":{"rendered":"<p>Empresario, activista social, fil\u00e1ntropo, compositor pol\u00edtico y escritor, comparte para Acr\u00f3polis, su obra literaria \u201cTu eres la paz\u201d, una obra de reflexi\u00f3n, donde en 38 cap\u00edtulos narra sobre c\u00f3mo \u00e9l,&hellip; <\/p>\n","protected":false},"author":4,"featured_media":963,"comment_status":"closed","ping_status":"closed","sticky":false,"template":"","format":"standard","meta":{"two_page_speed":[],"_joinchat":[],"footnotes":""},"categories":[54],"tags":[227,225,226],"class_list":["post-962","post","type-post","status-publish","format-standard","has-post-thumbnail","hentry","category-reportajes_especiales","tag-empresario","tag-erick-marte","tag-paz"],"_links":{"self":[{"href":"https:\/\/revistaacropolis.com\/index.php\/wp-json\/wp\/v2\/posts\/962","targetHints":{"allow":["GET"]}}],"collection":[{"href":"https:\/\/revistaacropolis.com\/index.php\/wp-json\/wp\/v2\/posts"}],"about":[{"href":"https:\/\/revistaacropolis.com\/index.php\/wp-json\/wp\/v2\/types\/post"}],"author":[{"embeddable":true,"href":"https:\/\/revistaacropolis.com\/index.php\/wp-json\/wp\/v2\/users\/4"}],"replies":[{"embeddable":true,"href":"https:\/\/revistaacropolis.com\/index.php\/wp-json\/wp\/v2\/comments?post=962"}],"version-history":[{"count":1,"href":"https:\/\/revistaacropolis.com\/index.php\/wp-json\/wp\/v2\/posts\/962\/revisions"}],"predecessor-version":[{"id":964,"href":"https:\/\/revistaacropolis.com\/index.php\/wp-json\/wp\/v2\/posts\/962\/revisions\/964"}],"wp:featuredmedia":[{"embeddable":true,"href":"https:\/\/revistaacropolis.com\/index.php\/wp-json\/wp\/v2\/media\/963"}],"wp:attachment":[{"href":"https:\/\/revistaacropolis.com\/index.php\/wp-json\/wp\/v2\/media?parent=962"}],"wp:term":[{"taxonomy":"category","embeddable":true,"href":"https:\/\/revistaacropolis.com\/index.php\/wp-json\/wp\/v2\/categories?post=962"},{"taxonomy":"post_tag","embeddable":true,"href":"https:\/\/revistaacropolis.com\/index.php\/wp-json\/wp\/v2\/tags?post=962"}],"curies":[{"name":"wp","href":"https:\/\/api.w.org\/{rel}","templated":true}]}}