{"id":9631,"date":"2023-10-23T21:11:47","date_gmt":"2023-10-23T21:11:47","guid":{"rendered":"https:\/\/revistaacropolis.com\/?p=9631"},"modified":"2023-10-23T21:11:59","modified_gmt":"2023-10-23T21:11:59","slug":"tula-de-allende-y-snte-celebran-el-dia-de-muertos-con-multiples-actividades-para-toda-la-familia","status":"publish","type":"post","link":"https:\/\/revistaacropolis.com\/index.php\/tula-de-allende-y-snte-celebran-el-dia-de-muertos-con-multiples-actividades-para-toda-la-familia\/sociedad\/","title":{"rendered":"Tula de Allende y SNTE celebran el D\u00eda de Muertos con m\u00faltiples actividades para toda la familia"},"content":{"rendered":"\n<p>La presidencia municipal de Tula de Allende y la secci\u00f3n 15 del Sindicato Nacional de Trabajadores de la Educaci\u00f3n (SNTE) anuncian una extraordinaria conmemoraci\u00f3n del D\u00eda de Muertos.<br>La iniciativa, que tiene como objetivo honrar a nuestros difuntos y promover esta tradici\u00f3n cultural, se llevar\u00e1 a cabo del 27 al 29 de octubre.<br>Para el presidente municipal el doctor Mario Francisco Guzm\u00e1n, estos eventos son de gran importancia y demuestran el compromiso de Tula con la riqueza de su cultura.<\/p>\n\n\n\n<p>Viernes 27 de octubre<br>Desfile tradicional del D\u00eda de Muertos, encabezado por la secci\u00f3n 15 del SNTE, a partir de las 10:30 a.m.<br>Participaci\u00f3n art\u00edstica de las cuadrillas de Atlapexco, Huejutla y Tula en el Teatro al aire libre.<br>\u2022 Instalaci\u00f3n de altares y ofrendas, colocadas por los maestros de Hidalgo.<br>\u2022 Concurso de calaveritas creativas.<br>\u2022 Inauguraci\u00f3n de la exposici\u00f3n de escultura \u201cLa Vida Despu\u00e9s de la Vida\u201d del autor Kadico, en la Sala Hist\u00f3rica Quetzalc\u00f3atl.<\/p>\n\n\n\n<p>S\u00e1bado 28 de octubre<br>\u2022 Gran variedad de actividades art\u00edsticas, entre las que destacan danza, m\u00fasica y teatro.<br>\u2022 Conferencia \u201cD\u00eda de Muertos Entre el Pasado y el Presente\u201d, a cargo del arque\u00f3logo Alan Garc\u00eda S.<br>\u2022 Presentaci\u00f3n de la ofrenda prehisp\u00e1nica por artesanos de Tula.<br>\u2022 Desfile de j\u00f3venes disfrazados por las calles de Tula para la presentaci\u00f3n del Juego de Pelota Pur\u00e9pecha.<\/p>\n\n\n\n<p>Domingo 29 de octubre<br>\u2022 Inauguraci\u00f3n del Tercer Festival de la Flor Tula 2023 en la Col. Benito Ju\u00e1rez<br>\u2022 Participaciones danc\u00edsticas.<br>\u2022 Presentaci\u00f3n del grupo de rock \u201cWelcome Sophie\u201d.<br>Durante los tres d\u00edas, se instalar\u00e1n pabellones de artesan\u00edas, gastronom\u00eda y muestra de curados de pulque. Esta conmemoraci\u00f3n del D\u00eda de Muertos, que une esfuerzos del gobierno municipal y de la secci\u00f3n 15 del SNTE, promete ser una experiencia \u00fanica para la comunidad, que dejar\u00e1 en el municipio una derrama econ\u00f3mica importante.<\/p>\n","protected":false},"excerpt":{"rendered":"<p>La presidencia municipal de Tula de Allende y la secci\u00f3n 15 del Sindicato Nacional de Trabajadores de la Educaci\u00f3n (SNTE) anuncian una extraordinaria conmemoraci\u00f3n del D\u00eda de Muertos.La iniciativa, que&hellip; <\/p>\n","protected":false},"author":4,"featured_media":9632,"comment_status":"closed","ping_status":"closed","sticky":false,"template":"","format":"standard","meta":{"two_page_speed":[],"_joinchat":[],"footnotes":""},"categories":[86,57],"tags":[],"class_list":["post-9631","post","type-post","status-publish","format-standard","has-post-thumbnail","hentry","category-comunicados","category-sociedad"],"_links":{"self":[{"href":"https:\/\/revistaacropolis.com\/index.php\/wp-json\/wp\/v2\/posts\/9631","targetHints":{"allow":["GET"]}}],"collection":[{"href":"https:\/\/revistaacropolis.com\/index.php\/wp-json\/wp\/v2\/posts"}],"about":[{"href":"https:\/\/revistaacropolis.com\/index.php\/wp-json\/wp\/v2\/types\/post"}],"author":[{"embeddable":true,"href":"https:\/\/revistaacropolis.com\/index.php\/wp-json\/wp\/v2\/users\/4"}],"replies":[{"embeddable":true,"href":"https:\/\/revistaacropolis.com\/index.php\/wp-json\/wp\/v2\/comments?post=9631"}],"version-history":[{"count":1,"href":"https:\/\/revistaacropolis.com\/index.php\/wp-json\/wp\/v2\/posts\/9631\/revisions"}],"predecessor-version":[{"id":9633,"href":"https:\/\/revistaacropolis.com\/index.php\/wp-json\/wp\/v2\/posts\/9631\/revisions\/9633"}],"wp:featuredmedia":[{"embeddable":true,"href":"https:\/\/revistaacropolis.com\/index.php\/wp-json\/wp\/v2\/media\/9632"}],"wp:attachment":[{"href":"https:\/\/revistaacropolis.com\/index.php\/wp-json\/wp\/v2\/media?parent=9631"}],"wp:term":[{"taxonomy":"category","embeddable":true,"href":"https:\/\/revistaacropolis.com\/index.php\/wp-json\/wp\/v2\/categories?post=9631"},{"taxonomy":"post_tag","embeddable":true,"href":"https:\/\/revistaacropolis.com\/index.php\/wp-json\/wp\/v2\/tags?post=9631"}],"curies":[{"name":"wp","href":"https:\/\/api.w.org\/{rel}","templated":true}]}}