{"id":9657,"date":"2023-10-24T16:30:30","date_gmt":"2023-10-24T16:30:30","guid":{"rendered":"https:\/\/revistaacropolis.com\/?p=9657"},"modified":"2023-10-24T17:06:17","modified_gmt":"2023-10-24T17:06:17","slug":"suspende-ine-a-exmagistrado-del-teeh-por-alterar-dicho-de-lopez-obrador","status":"publish","type":"post","link":"https:\/\/revistaacropolis.com\/index.php\/suspende-ine-a-exmagistrado-del-teeh-por-alterar-dicho-de-lopez-obrador\/politica\/","title":{"rendered":"Suspende INE a exmagistrado del TEEH por alterar dicho de L\u00f3pez Obrador"},"content":{"rendered":"\n<p><br>Por alterar\u00a0<strong>citas textuales<\/strong>\u00a0del presidente Andr\u00e9s Manuel\u00a0<strong>L\u00f3pez Obrador\u00a0<\/strong>en la resoluci\u00f3n de la queja por violencia pol\u00edtica de g\u00e9nero\u00a0que inici\u00f3\u00a0\u00a0X\u00f3chitl G\u00e1lvez Ruiz, contra el mandatario, <strong>el\u00a0\u00d3rgano Interno de Control del Instituto Nacional Electoral (INE) suspendi\u00f3 temporalmente al exmagistrado Manuel Cruz Martinez, <\/strong>actual director de la Unidad de lo Contencioso Electoral.<\/p>\n\n\n\n<p>El funcionario, quien fue nombrado en el cargo el 21 de junio de 2023 por el Consejo General del INE, es acusado de modificar lo dicho por el mandatario federal; es decir, sus palabras.<\/p>\n\n\n\n<p>Por los supuesto dicho del presidente contra la aspirante presidencial del Frente Ampli\u00f3 por M\u00e9xico (FAM), el INE estableci\u00f3\u00a0medidas\u00a0cautelares contra Lopez Obrador\u00a0\u00a0por violencia de g\u00e9nero.<\/p>\n\n\n\n<p>A partir del otro mi\u00e9rcoles, el exmagistrado del Tribunal Electoral del Estado de Hidalgo (TEEH) podr\u00e1 presentar pruebas en su\u00a0\u00a0defenderse, con lo que el INE determinar\u00e1 si la suspensi\u00f3n en su contra es provisional o de manera definitiva.<\/p>\n\n\n\n<p>La determinaci\u00f3n del \u00f3rgano interno de control pretende evitar nuevas faltas que da\u00f1en \u201cel honor y cr\u00e9dito\u201d del presidente, de acuerdo con su resoluci\u00f3n.<\/p>\n","protected":false},"excerpt":{"rendered":"<p>Por alterar\u00a0citas textuales\u00a0del presidente Andr\u00e9s Manuel\u00a0L\u00f3pez Obrador\u00a0en la resoluci\u00f3n de la queja por violencia pol\u00edtica de g\u00e9nero\u00a0que inici\u00f3\u00a0\u00a0X\u00f3chitl G\u00e1lvez Ruiz, contra el mandatario, el\u00a0\u00d3rgano Interno de Control del Instituto Nacional&hellip; <\/p>\n","protected":false},"author":4,"featured_media":9658,"comment_status":"closed","ping_status":"closed","sticky":false,"template":"","format":"standard","meta":{"two_page_speed":[],"_joinchat":[],"footnotes":""},"categories":[1],"tags":[47,2123,136],"class_list":["post-9657","post","type-post","status-publish","format-standard","has-post-thumbnail","hentry","category-politica","tag-ine","tag-manuel-cruz","tag-teeh"],"_links":{"self":[{"href":"https:\/\/revistaacropolis.com\/index.php\/wp-json\/wp\/v2\/posts\/9657","targetHints":{"allow":["GET"]}}],"collection":[{"href":"https:\/\/revistaacropolis.com\/index.php\/wp-json\/wp\/v2\/posts"}],"about":[{"href":"https:\/\/revistaacropolis.com\/index.php\/wp-json\/wp\/v2\/types\/post"}],"author":[{"embeddable":true,"href":"https:\/\/revistaacropolis.com\/index.php\/wp-json\/wp\/v2\/users\/4"}],"replies":[{"embeddable":true,"href":"https:\/\/revistaacropolis.com\/index.php\/wp-json\/wp\/v2\/comments?post=9657"}],"version-history":[{"count":2,"href":"https:\/\/revistaacropolis.com\/index.php\/wp-json\/wp\/v2\/posts\/9657\/revisions"}],"predecessor-version":[{"id":9662,"href":"https:\/\/revistaacropolis.com\/index.php\/wp-json\/wp\/v2\/posts\/9657\/revisions\/9662"}],"wp:featuredmedia":[{"embeddable":true,"href":"https:\/\/revistaacropolis.com\/index.php\/wp-json\/wp\/v2\/media\/9658"}],"wp:attachment":[{"href":"https:\/\/revistaacropolis.com\/index.php\/wp-json\/wp\/v2\/media?parent=9657"}],"wp:term":[{"taxonomy":"category","embeddable":true,"href":"https:\/\/revistaacropolis.com\/index.php\/wp-json\/wp\/v2\/categories?post=9657"},{"taxonomy":"post_tag","embeddable":true,"href":"https:\/\/revistaacropolis.com\/index.php\/wp-json\/wp\/v2\/tags?post=9657"}],"curies":[{"name":"wp","href":"https:\/\/api.w.org\/{rel}","templated":true}]}}