{"id":9673,"date":"2023-10-24T22:14:41","date_gmt":"2023-10-24T22:14:41","guid":{"rendered":"https:\/\/revistaacropolis.com\/?p=9673"},"modified":"2023-10-24T22:14:53","modified_gmt":"2023-10-24T22:14:53","slug":"estiman-produccion-de-2-tonelada-de-cempasuchil-por-dia-de-muertos","status":"publish","type":"post","link":"https:\/\/revistaacropolis.com\/index.php\/estiman-produccion-de-2-tonelada-de-cempasuchil-por-dia-de-muertos\/politica\/","title":{"rendered":"Estiman producci\u00f3n de 2 tonelada de cempas\u00fachil por D\u00eda de Muertos"},"content":{"rendered":"\n<p>El titular de la Secretar\u00eda de Agricultura y Desarrollo Rural (Sader), Napole\u00f3n Gonz\u00e1lez P\u00e9rez, <strong>estim\u00f3 una producci\u00f3n 2 mil toneladas de flor de cempas\u00fachil en la entidad por el D\u00eda de Muertos.<\/strong><\/p>\n\n\n\n<p>La dependencia indic\u00f3 que <strong>Hidalgo es el tercer estado en superficie sembrada y el segundo productor de esta flor en M\u00e9xico<\/strong>, por detr\u00e1s de Puebla.<\/p>\n\n\n\n<p>De acuerdo con la Sader, la superficie cultivada en Hidalgo en 2022 fue <strong>112.30 hect\u00e1reas,<\/strong> con una producci\u00f3n de mil 224.96 toneladas y <strong>un valor de 3.48 millones de pesos.<\/strong><\/p>\n\n\n\n<p>En entrevista, Gonz\u00e1lez P\u00e9rez afirm\u00f3 que ha pedido que en el estado se impulse la producci\u00f3n de flor mexicana; sin embargo, el funcionario afirm\u00f3 que \u201cinvade\u201d el mercado la flor china que proviene de Quer\u00e9taro y \u201cotros lados\u201d.<\/p>\n\n\n\n<figure class=\"wp-block-pullquote\"><blockquote><p>Si la ven por aqu\u00ed (la china) no es que se est\u00e9 produciendo en Hidalgo, a la mejor en un m\u00ednimo porcentaje, nosotros estamos trabajando con la flor mexicana para que se conserven las tradiciones tal cual son. La flor de cempas\u00fachil que conocemos es m\u00e1s grande, m\u00e1s bonita\u201d, expuso.<\/p><\/blockquote><\/figure>\n\n\n\n<p>El funcionario agreg\u00f3 que en <strong>la Sader no hay apoyo directo para los productores de cempas\u00fachil,<\/strong> pero dijo se les asesor\u00f3 para que pidieran calificar en los programa de la dependencia, pues le solicitaron subsidio econ\u00f3mico para la compra de semilla.<\/p>\n\n\n\n<blockquote class=\"wp-block-quote is-layout-flow wp-block-quote-is-layout-flow\">\n<p>Son siete grupos de mujeres quienes se acercaron a la secretar\u00eda y estamos en comunicaci\u00f3n con ellas, la producci\u00f3n esta bien (\u2026) yo creo que vamos a tener una buena producci\u00f3n en Tlaxcoapan, en Doxey\u201d, dijo.<\/p>\n<\/blockquote>\n\n\n\n<p>Los principales municipios productores de la flor son Tula de Allende (594.15 toneladas), Ixmiquilpan (222.3), Tlaxcoapan (165.3) y San Agust\u00edn Tlaxiaca (74.5), seg\u00fan datos de la Sader.<\/p>\n\n\n\n<h3 class=\"wp-block-heading\">ENTREGA CACAO SECRETAR\u00cdA DE GOBIERNO&nbsp;<\/h3>\n\n\n\n<p>Sobre la entrega de cacao y az\u00facar por el D\u00eda de Muertos, dijo que cada familia de la Sierra y Huasteca recibe dos y un kilo, respectivamente.<\/p>\n\n\n\n<p>Afirm\u00f3 que la entrega est\u00e1 a cargo de la Secretar\u00eda de Gobierno, que encabeza Guillermo Olivares Reyna, por lo que desconoce cu\u00e1ntas toneladas dar\u00e1n.<\/p>\n\n\n\n<h3 class=\"wp-block-heading\">DatoAcro<\/h3>\n\n\n\n<p><em>-Hidalgo es sexto lugar en el \u00e1mbito nacional en valor de la producci\u00f3n de cempas\u00fachil.<\/em><\/p>\n","protected":false},"excerpt":{"rendered":"<p>El titular de la Secretar\u00eda de Agricultura y Desarrollo Rural (Sader), Napole\u00f3n Gonz\u00e1lez P\u00e9rez, estim\u00f3 una producci\u00f3n 2 mil toneladas de flor de cempas\u00fachil en la entidad por el D\u00eda&hellip; <\/p>\n","protected":false},"author":4,"featured_media":9674,"comment_status":"closed","ping_status":"closed","sticky":false,"template":"","format":"standard","meta":{"two_page_speed":[],"_joinchat":[],"footnotes":""},"categories":[1,57],"tags":[2125,2126,89],"class_list":["post-9673","post","type-post","status-publish","format-standard","has-post-thumbnail","hentry","category-politica","category-sociedad","tag-cempasuchil","tag-dia-de-muertos","tag-hidalgo"],"_links":{"self":[{"href":"https:\/\/revistaacropolis.com\/index.php\/wp-json\/wp\/v2\/posts\/9673","targetHints":{"allow":["GET"]}}],"collection":[{"href":"https:\/\/revistaacropolis.com\/index.php\/wp-json\/wp\/v2\/posts"}],"about":[{"href":"https:\/\/revistaacropolis.com\/index.php\/wp-json\/wp\/v2\/types\/post"}],"author":[{"embeddable":true,"href":"https:\/\/revistaacropolis.com\/index.php\/wp-json\/wp\/v2\/users\/4"}],"replies":[{"embeddable":true,"href":"https:\/\/revistaacropolis.com\/index.php\/wp-json\/wp\/v2\/comments?post=9673"}],"version-history":[{"count":1,"href":"https:\/\/revistaacropolis.com\/index.php\/wp-json\/wp\/v2\/posts\/9673\/revisions"}],"predecessor-version":[{"id":9675,"href":"https:\/\/revistaacropolis.com\/index.php\/wp-json\/wp\/v2\/posts\/9673\/revisions\/9675"}],"wp:featuredmedia":[{"embeddable":true,"href":"https:\/\/revistaacropolis.com\/index.php\/wp-json\/wp\/v2\/media\/9674"}],"wp:attachment":[{"href":"https:\/\/revistaacropolis.com\/index.php\/wp-json\/wp\/v2\/media?parent=9673"}],"wp:term":[{"taxonomy":"category","embeddable":true,"href":"https:\/\/revistaacropolis.com\/index.php\/wp-json\/wp\/v2\/categories?post=9673"},{"taxonomy":"post_tag","embeddable":true,"href":"https:\/\/revistaacropolis.com\/index.php\/wp-json\/wp\/v2\/tags?post=9673"}],"curies":[{"name":"wp","href":"https:\/\/api.w.org\/{rel}","templated":true}]}}