{"id":9782,"date":"2023-10-30T23:11:26","date_gmt":"2023-10-30T23:11:26","guid":{"rendered":"https:\/\/revistaacropolis.com\/?p=9782"},"modified":"2023-10-30T23:11:38","modified_gmt":"2023-10-30T23:11:38","slug":"fayad-en-la-4t-via-partido-verde-no-es-boleto-a-la-impunidad-alianza-aun-no-se-define-menchaca","status":"publish","type":"post","link":"https:\/\/revistaacropolis.com\/index.php\/fayad-en-la-4t-via-partido-verde-no-es-boleto-a-la-impunidad-alianza-aun-no-se-define-menchaca\/politica\/","title":{"rendered":"Fayad en la 4T, v\u00eda Partido Verde, no es boleto a la impunidad; alianza a\u00fan no se define: Menchaca"},"content":{"rendered":"\n<p>El gobernador Julio Menchaca Salazar <strong>afirm\u00f3 que la llegada del exmandatario Omar Fayad Meneses y su grupo al Partido Verde (PVEM), cuya administraci\u00f3n es investigada por corrupci\u00f3n, no es un boleto a la impunidad.<\/strong> Adem\u00e1s, dijo, su partido, Morena, <strong>a\u00fan no define con qu\u00e9 institutos pol\u00edticos ir\u00e1 en alianza <\/strong>para los comicios de 2024.<\/p>\n\n\n\n<p>En entrevista tras un acto de las Rutas de la Transformaci\u00f3n, el morenista<strong> consider\u00f3 que la adhesi\u00f3n del Grupo Plural Independiente (GPI), del expriista, \u201cforma parte de varias consecuencias y de una inercia\u201d, <\/strong>relacionadas con \u201cdefiniciones muy cercanas para el futuro de este pa\u00eds\u201d.<\/p>\n\n\n\n<p>\u00abLa ley, la Constituci\u00f3n, permite a los mexicanos la libertad de tomar decisiones de car\u00e1cter pol\u00edtico, yo siempre\u00a0he sido muy respetuoso de lo que decidan los actores pol\u00edticos (\u2026) particularmente en el caso del exgobernador Fayad, el presidente de la rep\u00fablica me ha expresado que se estableci\u00f3 una buena relaci\u00f3n con \u00e9l y lo tiene en buen \u00e1nimo\u201d expuso.<\/p>\n\n\n\n<p><em>\u2014\u00bfEs bienvenido Fayad en la 4T? \u2014se le cuestion\u00f3.\u00a0<\/em><\/p>\n\n\n\n<p><em>\u2014Son bienvenidas las mujeres y los hombre de buena voluntad que abonen en la cuarta transformaci\u00f3n \u2014respondi\u00f3.<\/em><\/p>\n\n\n\n<p>El morenista<strong> asever\u00f3 que la llegada de Fayad Meneses al PVEM no es un boleto la impunidad<\/strong>, pues dijo que su administraci\u00f3n \u00abha dado muestras de una lucha contra la corrupci\u00f3n e impunidad\u201d.<\/p>\n\n\n\n<figure class=\"wp-block-pullquote\"><blockquote><p>No ha habido absolutamente nada que modifique esa l\u00ednea, el compromiso de que servidores p\u00fablicos que han hecho mal uso de los recursos p\u00fablicos tenga consecuencias administrativas y penales sigue adelante, no hay ninguna consideraci\u00f3n de car\u00e1cter pol\u00edtico, no hay complicidades\u201d, dijo.<\/p><\/blockquote><\/figure>\n\n\n\n<p>\u201c<strong>El hecho de que exista una simpat\u00eda, una empat\u00eda, no significa ninguna patente de corzo<\/strong> ni ninguna situaci\u00f3n de impunidad, eso se los voy a confirmar en los hechos\u201d, sostuvo.<\/p>\n\n\n\n<h3 class=\"wp-block-heading\">ALIANZA DE MORENA, A\u00daN SIN DEFINIRSE<\/h3>\n\n\n\n<p>Cuestionado sobre si la llegada de la GPI al Verde afecta la alianza con Morena, <strong>el gobernador indic\u00f3 que a\u00fan no se define si su partido partir\u00e1 en coalici\u00f3n ni con qu\u00e9 instituto pol\u00edtico<\/strong> o c\u00f3mo se efectuar\u00edan.<\/p>\n\n\n\n<blockquote class=\"wp-block-quote is-layout-flow wp-block-quote-is-layout-flow\">\n<p>A partir de esa decisi\u00f3n estar\u00e1 el an\u00e1lisis si ayuda o no ayuda (ella suma del expriista)\u201d, dijo.\u00a0<\/p>\n<\/blockquote>\n\n\n\n<p>Sin embargo, afirm\u00f3 que esa determinaci\u00f3n le corresponder\u00e1 a los partidos, no a \u00e9l, pues -sostuvo- solo expresar\u00e1 su punto de vista como consejero nacional de Morena.<\/p>\n\n\n\n<p>\u201cVa a haber situaciones que tienen que ver m\u00e1s que nada con los partidos pol\u00edticos, nosotros como actores, como gobernadores, tenemos un punto de vista, desde luego que son decisiones de los partidos, pero va a haber variantes en las entidades, habr\u00e1 estados en donde solamente vaya Morena o las situaciones en donde haya una alianza con los partidos que s\u00ed van a ir para la presidencia de la Rep\u00fablica, pero hay variantes en las entidades con nuestros aliados tradicionales, con el PT, el PVEM, y en el caso de Hidalgo, tambi\u00e9n nueva alianza\u201d, expuso.<\/p>\n\n\n\n<p>Record\u00f3 que <strong>en la elecci\u00f3n de 2018 Hidalgo<\/strong> fue <strong> la \u00fanica entidad del pa\u00eds en la que Morena no fue con otros partidos <\/strong>en todos los comicios, excepto en la presidencial.<\/p>\n\n\n\n<p>\u201cEsa fue una alianza nacional, pero en el 2018 se gan\u00f3 Morena solo y, adem\u00e1s, con un margen muy grande. El efecto de AMLO fue en toda la rep\u00fablica, particularmente en Hidalgo, el enojo y fastidio de la gente tambi\u00e9n se reflejo ah\u00ed y un poco el trabajo de las y los candidatos, por eso se debe entender que cada entidad tiene sus condiciones\u00bb, expuso.<\/p>\n","protected":false},"excerpt":{"rendered":"<p>El gobernador Julio Menchaca Salazar afirm\u00f3 que la llegada del exmandatario Omar Fayad Meneses y su grupo al Partido Verde (PVEM), cuya administraci\u00f3n es investigada por corrupci\u00f3n, no es un&hellip; <\/p>\n","protected":false},"author":4,"featured_media":9783,"comment_status":"closed","ping_status":"closed","sticky":false,"template":"","format":"standard","meta":{"two_page_speed":[],"_joinchat":[],"footnotes":""},"categories":[1],"tags":[123,2148],"class_list":["post-9782","post","type-post","status-publish","format-standard","has-post-thumbnail","hentry","category-politica","tag-fayad","tag-mencha"],"_links":{"self":[{"href":"https:\/\/revistaacropolis.com\/index.php\/wp-json\/wp\/v2\/posts\/9782","targetHints":{"allow":["GET"]}}],"collection":[{"href":"https:\/\/revistaacropolis.com\/index.php\/wp-json\/wp\/v2\/posts"}],"about":[{"href":"https:\/\/revistaacropolis.com\/index.php\/wp-json\/wp\/v2\/types\/post"}],"author":[{"embeddable":true,"href":"https:\/\/revistaacropolis.com\/index.php\/wp-json\/wp\/v2\/users\/4"}],"replies":[{"embeddable":true,"href":"https:\/\/revistaacropolis.com\/index.php\/wp-json\/wp\/v2\/comments?post=9782"}],"version-history":[{"count":1,"href":"https:\/\/revistaacropolis.com\/index.php\/wp-json\/wp\/v2\/posts\/9782\/revisions"}],"predecessor-version":[{"id":9784,"href":"https:\/\/revistaacropolis.com\/index.php\/wp-json\/wp\/v2\/posts\/9782\/revisions\/9784"}],"wp:featuredmedia":[{"embeddable":true,"href":"https:\/\/revistaacropolis.com\/index.php\/wp-json\/wp\/v2\/media\/9783"}],"wp:attachment":[{"href":"https:\/\/revistaacropolis.com\/index.php\/wp-json\/wp\/v2\/media?parent=9782"}],"wp:term":[{"taxonomy":"category","embeddable":true,"href":"https:\/\/revistaacropolis.com\/index.php\/wp-json\/wp\/v2\/categories?post=9782"},{"taxonomy":"post_tag","embeddable":true,"href":"https:\/\/revistaacropolis.com\/index.php\/wp-json\/wp\/v2\/tags?post=9782"}],"curies":[{"name":"wp","href":"https:\/\/api.w.org\/{rel}","templated":true}]}}