{"id":9785,"date":"2023-10-31T01:52:47","date_gmt":"2023-10-31T01:52:47","guid":{"rendered":"https:\/\/revistaacropolis.com\/?p=9785"},"modified":"2023-10-31T01:55:10","modified_gmt":"2023-10-31T01:55:10","slug":"afirma-alcalde-que-designo-delegados-como-facultad-ley-organica-municipal-ordena-convocatoria","status":"publish","type":"post","link":"https:\/\/revistaacropolis.com\/index.php\/afirma-alcalde-que-designo-delegados-como-facultad-ley-organica-municipal-ordena-convocatoria\/politica\/","title":{"rendered":"Afirma alcalde que design\u00f3 delegados como facultad; Ley Org\u00e1nica Municipal ordena convocatoria"},"content":{"rendered":"\n<p>El alcalde de Pachuca <strong>Sergio Ba\u00f1os Rubio afirm\u00f3 que design\u00f3 a los delegados de colonias, barrios y fraccionamientos como facultad que le confiere la ley, <\/strong>lo que contrasta con la Ley Org\u00e1nica Municipal para el Estado de Hidalgo, que precisa la obligatoriedad de <strong>la emisi\u00f3n de convocatoria y elecciones democr\u00e1ticas para su designaci\u00f3n.<\/strong><\/p>\n\n\n\n<p>\u201cDe acuerdo a los protocolos a la Ley Org\u00e1nica del ayuntamiento (sic), la funci\u00f3n de nombrar a los delegados es facultad del presidente municipal, los que son presidentes de consejos de colaboraci\u00f3n, que se encuentran en diferentes colonias, barrios y fraccionamientos de Pachuca, esos si se tienen que elegir mediante voto\u201d, asegur\u00f3 Ba\u00f1os Rubios tras ser cuestionado sobre la toma de posesi\u00f3n de estos representantes auxiliares el pasado viernes, en evento que fue sin convocatoria a medios ni regidores del ayuntamiento.<\/p>\n\n\n\n<p>Ante la acci\u00f3n, <strong>el presidente municipal rechaz\u00f3 que se necesitar\u00e1 convocatoria para este proceso<\/strong>, adem\u00e1s de que esta decisi\u00f3n -dijo- corresponde a tener a nuevas personas, pues los delegados con los que se ven\u00eda trabajado estaban en el cargo desde la administraci\u00f3n de la panista Yolanda Teller\u00eda Beltr\u00e1n.<\/p>\n\n\n\n<p>El edil neg\u00f3 que esto se deba a cuestiones pol\u00edticas o que se pretenda hacer entrega de estas posiciones al gobierno estatal, toda vez que en la toma de protesta de los nuevos delegados se cont\u00f3 con la presencia del titular de la Secretar\u00eda de Gobierno, Guillermo Olivares Reyna.<\/p>\n\n\n\n<figure class=\"wp-block-pullquote\"><blockquote><p>La idea es tener ese contacto directo como siempre lo hemos tratado de hacer desde el inicio de esta administraci\u00f3n, que es lo m\u00e1s importantes, ser cercano, escuchar atender y hablar con la verdad\u201d, asegur\u00f3.<\/p><\/blockquote><\/figure>\n\n\n\n<p>Pese a que se le insisti\u00f3 del porqu\u00e9 el acto se llev\u00f3 a cabo sin prensa ni ediles, asegur\u00f3 que \u201cno tiene nada malo que ver\u201d, al referir que hizo una valoraci\u00f3n de este asunto para trabajar en conjunto con los barrios y colonias de Pachuca.<\/p>\n\n\n\n<p>\u201cEs una situaci\u00f3n en donde analic\u00e9 para poder trabajar de la mano con muchas personas en diferentes colonias y que he podido trabajar muy de la mano con ellos, hoy m\u00e1s que nunca quiero cerrar con toda la actitud, muy cercanos a la gente y o pasa nada\u201d, dijo.<\/p>\n\n\n\n<h3 class=\"wp-block-heading\">\u00bfQU\u00c9 DICE LA LEY ORG\u00c1NICA Y EL REGLAMENTO?<\/h3>\n\n\n\n<p>En referencia a la asignaci\u00f3n de delegados como \u00f3rganos auxiliares, Ley Org\u00e1nica para los Municipios establece en su art\u00edculo 80 lo siguiente:<\/p>\n\n\n\n<p><em>\u201cLos Ayuntamientos podr\u00e1n contar con Delegados y Subdelegados, como \u00f3rgano auxiliares, de conformidad con el reglamento que expidan y en el que se\u00f1alen los requisitos, observando el principio de igualdad de g\u00e9nero; para tal efecto, se requiere ser vecino de la comunidad, saber leer y escribir, tener como m\u00ednimo dieciocho a\u00f1os de edad cumplidos al d\u00eda de su elecci\u00f3n, no haber sido condenado por delito doloso, no ser ministro de ning\u00fan culto religioso y tener un modo honesto de vivir\u201d.<\/em><\/p>\n\n\n\n<p>A su vez, plantea los criterios de elegibilidad mediante actos democr\u00e1ticos como el voto previa convocatoria emitida por la autoridad municipal.<\/p>\n\n\n\n<p><em>Los Ayuntamientos, en ejercicio de su facultad reglamentaria podr\u00e1n establecer:<\/em><\/p>\n\n\n\n<p><em>I.- El procedimiento de convocatoria para la elecci\u00f3n de delegados y subdelegados;<\/em><\/p>\n\n\n\n<p><em>II.- Los requisitos que deber\u00e1n cubrir los aspirantes a los cargos antes mencionados;<\/em><\/p>\n\n\n\n<p><strong>III.- Los periodos en que deban efectuarse las elecciones;<\/strong><\/p>\n\n\n\n<p><em>IV.- Los casos de nulidad o de invalidez de las elecciones;<\/em><\/p>\n\n\n\n<p><em>V.- Los medios de impugnaci\u00f3n; y<\/em><\/p>\n\n\n\n<p><em>VI.- El tiempo que durar\u00e1n en su encargo, el cual no ser\u00e1 mayor de un a\u00f1o, con derecho a ratificaci\u00f3n por una sola ocasi\u00f3n.\u00a0<\/em><\/p>\n\n\n\n<p>En cambio,<strong> el Reglamento para los Consejos Ciudadanos de Colaboraci\u00f3n Municipal y Delegados Municipales de Pachuca de Soto<\/strong>, bajo el art\u00edculo 7 considera una situaci\u00f3n diferente:<\/p>\n\n\n\n<p><em>\u201cEl Presidente Municipal tiene la facultad de designar Delegados Municipales que coadyuvar\u00e1n en la coordinaci\u00f3n de los Consejos Ciudadanos de Colaboraci\u00f3n Municipal que a \u00e9l se le encarguen. La designaci\u00f3n de un Delegado Municipal tambi\u00e9n podr\u00e1 referirse a aquellos casos en que, por la causa que fuere, una demarcaci\u00f3n territorial carezca de Consejo Ciudadano de Colaboraci\u00f3n Municipal\u201d, dice el estatuto local, que se contrapone con la Ley Org\u00e1nica Municipal para el Estado de Hidalgo.<\/em><\/p>\n\n\n\n<figure class=\"wp-block-image size-full\"><img fetchpriority=\"high\" decoding=\"async\" width=\"1024\" height=\"683\" src=\"https:\/\/revistaacropolis.com\/wp-content\/uploads\/2023\/10\/image-121.png\" alt=\"\" class=\"wp-image-9786\" srcset=\"https:\/\/revistaacropolis.com\/wp-content\/uploads\/2023\/10\/image-121.png 1024w, https:\/\/revistaacropolis.com\/wp-content\/uploads\/2023\/10\/image-121-300x200.png 300w, https:\/\/revistaacropolis.com\/wp-content\/uploads\/2023\/10\/image-121-768x512.png 768w, https:\/\/revistaacropolis.com\/wp-content\/uploads\/2023\/10\/image-121-600x400.png 600w\" sizes=\"(max-width: 1024px) 100vw, 1024px\" \/><\/figure>\n\n\n\n<p>Para la elecci\u00f3n de delegados y subdelegados de 2018, <strong>la entonces\u00a0 alcaldesa Yolanda Teller\u00eda Beltr\u00e1n se hab\u00eda negado a publicar la convocatoria para la lecci\u00f3n de delegados y subdelegados aludiendo el reglamento municipal<\/strong> y la facultad que posee el mandatario local para des\u00edgnalos.<\/p>\n\n\n\n<p>Sin embargo, el Tribunal Electoral del Estado de Hidalgo (TEEH) dio rev\u00e9s a esta determinaci\u00f3n y orden\u00f3 la publicaci\u00f3n de la convocatoria para esa elecci\u00f3n.<\/p>\n\n\n\n<h3 class=\"wp-block-heading\">DatoAcro&nbsp;<\/h3>\n\n\n\n<p><em>-En lo que va de este 2023, un total de 27 bares y cantinas obtuvieron una sanci\u00f3n por parte de la alcald\u00eda de Pachuca, pero todos siguen en funcionamiento tras cubrir su sanci\u00f3n correspondiente.\u00a0<\/em><\/p>\n\n\n\n<p><em>-Fueron multados por operar fuera del horario establecido o por dejar pasar a menores de edad; solamente un caso se encontraron la presencia de droga en un ba\u00f1o de uno de estos giros, seg\u00fan el ayuntamiento.<\/em><\/p>\n","protected":false},"excerpt":{"rendered":"<p>El alcalde de Pachuca Sergio Ba\u00f1os Rubio afirm\u00f3 que design\u00f3 a los delegados de colonias, barrios y fraccionamientos como facultad que le confiere la ley, lo que contrasta con la&hellip; <\/p>\n","protected":false},"author":4,"featured_media":9786,"comment_status":"closed","ping_status":"closed","sticky":false,"template":"","format":"standard","meta":{"two_page_speed":[],"_joinchat":[],"footnotes":""},"categories":[1],"tags":[2149,91,231],"class_list":["post-9785","post","type-post","status-publish","format-standard","has-post-thumbnail","hentry","category-politica","tag-delegaos","tag-pachuca","tag-sergio-banos"],"_links":{"self":[{"href":"https:\/\/revistaacropolis.com\/index.php\/wp-json\/wp\/v2\/posts\/9785","targetHints":{"allow":["GET"]}}],"collection":[{"href":"https:\/\/revistaacropolis.com\/index.php\/wp-json\/wp\/v2\/posts"}],"about":[{"href":"https:\/\/revistaacropolis.com\/index.php\/wp-json\/wp\/v2\/types\/post"}],"author":[{"embeddable":true,"href":"https:\/\/revistaacropolis.com\/index.php\/wp-json\/wp\/v2\/users\/4"}],"replies":[{"embeddable":true,"href":"https:\/\/revistaacropolis.com\/index.php\/wp-json\/wp\/v2\/comments?post=9785"}],"version-history":[{"count":2,"href":"https:\/\/revistaacropolis.com\/index.php\/wp-json\/wp\/v2\/posts\/9785\/revisions"}],"predecessor-version":[{"id":9788,"href":"https:\/\/revistaacropolis.com\/index.php\/wp-json\/wp\/v2\/posts\/9785\/revisions\/9788"}],"wp:featuredmedia":[{"embeddable":true,"href":"https:\/\/revistaacropolis.com\/index.php\/wp-json\/wp\/v2\/media\/9786"}],"wp:attachment":[{"href":"https:\/\/revistaacropolis.com\/index.php\/wp-json\/wp\/v2\/media?parent=9785"}],"wp:term":[{"taxonomy":"category","embeddable":true,"href":"https:\/\/revistaacropolis.com\/index.php\/wp-json\/wp\/v2\/categories?post=9785"},{"taxonomy":"post_tag","embeddable":true,"href":"https:\/\/revistaacropolis.com\/index.php\/wp-json\/wp\/v2\/tags?post=9785"}],"curies":[{"name":"wp","href":"https:\/\/api.w.org\/{rel}","templated":true}]}}