{"id":9841,"date":"2023-11-02T03:02:30","date_gmt":"2023-11-02T03:02:30","guid":{"rendered":"https:\/\/revistaacropolis.com\/?p=9841"},"modified":"2023-11-02T03:02:42","modified_gmt":"2023-11-02T03:02:42","slug":"presupuesto-para-hidalgo-puede-modificarse-por-recurso-federal-para-atender-devastacion-de-otis-menchaca","status":"publish","type":"post","link":"https:\/\/revistaacropolis.com\/index.php\/presupuesto-para-hidalgo-puede-modificarse-por-recurso-federal-para-atender-devastacion-de-otis-menchaca\/politica\/","title":{"rendered":"Presupuesto para Hidalgo puede modificarse por recurso federal para atender devastaci\u00f3n de Otis: Menchaca"},"content":{"rendered":"\n<p>Ante los estragos en la costa de Guerrero por el paso del hurac\u00e1n Otis,<strong> el an\u00e1lisis del presupuesto para 2024 en los estados, incluido Hidalgo puede modificarse, consider\u00f3 el gobernador <\/strong>Julio Menchaca Salazar.<\/p>\n\n\n\n<p>En entrevista durante su visita a la Huejutla para la celebraci\u00f3n del Xantolo, <strong>indic\u00f3 que se encuentra en un an\u00e1lisis del presupuesto para la entidad, debido a que se puede dar una reconfiguraci\u00f3n de la distribuci\u00f3n del recurso federales ante la cat\u00e1strofe <\/strong>que sufrieron los guerrerenses la semana pasada.<\/p>\n\n\n\n<figure class=\"wp-block-pullquote\"><blockquote><p>Estamos haciendo el an\u00e1lisis del presupuesto porque ahora puede modificarse con la desgracia que sufrieron en Guerrero, a nivel nacional, con los recursos federales y debemos ser solidarios\u201d, manifest\u00f3.<\/p><\/blockquote><\/figure>\n\n\n\n<p>Asegur\u00f3 que la Secretar\u00eda de Hacienda estatal y la Secretar\u00eda de Hacienda y Cr\u00e9dito P\u00fablico (SHCP) est\u00e1n atendiendo \u201clos puntos finos\u201d para la presentaci\u00f3n del presupuesto y conocer el margen de recursos que podr\u00edan llegar a la entidad en el ejercicio fiscal 2024.<\/p>\n\n\n\n<p>En 2023, <strong>el presupuesto para Hidalgo es de m\u00e1s de 62 mil millones<\/strong> de pesos.<\/p>\n\n\n\n<p>Sobre las inquietudes en la regi\u00f3n huasteca, <strong>se le cuestion\u00f3 respecto a la continuaci\u00f3n para modificar la carretera Pachuca-Huejutla<\/strong>, principalmente en el tramo de Tlanchinol para Huejutla, a lo cual Menchaca Salazar aclar\u00f3 que esta vialidad y sus trabajos es de competencia federal.<\/p>\n\n\n\n<p>El morenista dijo que el gobierno federal ha avanzado en diversos tramos, principalmente en la zona de Zacualtip\u00e1n de \u00c1ngeles.<\/p>\n\n\n\n<p>El mandatario estatal refiri\u00f3 que seguir\u00e1n insistiendo al gobierno federal y al presidente Andr\u00e9s Manuel L\u00f3pez Obrador, pero tambi\u00e9n en un proyecto de conectividad de esta carretera que enlace con el estado vecino de Tamaulipas, hasta Tampico.<\/p>\n\n\n\n<blockquote class=\"wp-block-quote is-layout-flow wp-block-quote-is-layout-flow\">\n<p>Incluso se present\u00f3 al presidente, estuvo aqu\u00ed el presidente municipal, la conexi\u00f3n hac\u00eda el norte, hasta Tampico, tuvimos la oportunidad el presidente (de Huejutla) Andrade y un servidor de platicarlo con nuestro presidente L\u00f3pez Obrador, y dio instrucciones, l\u00e1stima que nos toc\u00f3 ya en el \u00faltimo tramo, el \u00faltimo a\u00f1o, pero lo tom\u00f3 en cuenta, lo registr\u00f3\u201d, indic\u00f3 sobre el proyecto para rehabilitar y modernizar esta vialidad.<\/p>\n<\/blockquote>\n\n\n\n<p>Agreg\u00f3 que ya platic\u00f3 con su homologo de Tamaulipas, Am\u00e9rico Villareal Anaya, para \u201ccombinar esfuerzos\u201d para este proyecto.<\/p>\n","protected":false},"excerpt":{"rendered":"<p>Ante los estragos en la costa de Guerrero por el paso del hurac\u00e1n Otis, el an\u00e1lisis del presupuesto para 2024 en los estados, incluido Hidalgo puede modificarse, consider\u00f3 el gobernador&hellip; <\/p>\n","protected":false},"author":4,"featured_media":9842,"comment_status":"closed","ping_status":"closed","sticky":false,"template":"","format":"standard","meta":{"two_page_speed":[],"_joinchat":[],"footnotes":""},"categories":[1],"tags":[206,93,1026],"class_list":["post-9841","post","type-post","status-publish","format-standard","has-post-thumbnail","hentry","category-politica","tag-206","tag-menchaca","tag-presupuesto"],"_links":{"self":[{"href":"https:\/\/revistaacropolis.com\/index.php\/wp-json\/wp\/v2\/posts\/9841","targetHints":{"allow":["GET"]}}],"collection":[{"href":"https:\/\/revistaacropolis.com\/index.php\/wp-json\/wp\/v2\/posts"}],"about":[{"href":"https:\/\/revistaacropolis.com\/index.php\/wp-json\/wp\/v2\/types\/post"}],"author":[{"embeddable":true,"href":"https:\/\/revistaacropolis.com\/index.php\/wp-json\/wp\/v2\/users\/4"}],"replies":[{"embeddable":true,"href":"https:\/\/revistaacropolis.com\/index.php\/wp-json\/wp\/v2\/comments?post=9841"}],"version-history":[{"count":1,"href":"https:\/\/revistaacropolis.com\/index.php\/wp-json\/wp\/v2\/posts\/9841\/revisions"}],"predecessor-version":[{"id":9843,"href":"https:\/\/revistaacropolis.com\/index.php\/wp-json\/wp\/v2\/posts\/9841\/revisions\/9843"}],"wp:featuredmedia":[{"embeddable":true,"href":"https:\/\/revistaacropolis.com\/index.php\/wp-json\/wp\/v2\/media\/9842"}],"wp:attachment":[{"href":"https:\/\/revistaacropolis.com\/index.php\/wp-json\/wp\/v2\/media?parent=9841"}],"wp:term":[{"taxonomy":"category","embeddable":true,"href":"https:\/\/revistaacropolis.com\/index.php\/wp-json\/wp\/v2\/categories?post=9841"},{"taxonomy":"post_tag","embeddable":true,"href":"https:\/\/revistaacropolis.com\/index.php\/wp-json\/wp\/v2\/tags?post=9841"}],"curies":[{"name":"wp","href":"https:\/\/api.w.org\/{rel}","templated":true}]}}