{"id":9886,"date":"2023-11-06T23:56:07","date_gmt":"2023-11-06T23:56:07","guid":{"rendered":"https:\/\/revistaacropolis.com\/?p=9886"},"modified":"2023-11-06T23:56:19","modified_gmt":"2023-11-06T23:56:19","slug":"abrira-refugio-invernal-en-pachuca-por-tres-meses-inicia-operacion-1-de-diciembre","status":"publish","type":"post","link":"https:\/\/revistaacropolis.com\/index.php\/abrira-refugio-invernal-en-pachuca-por-tres-meses-inicia-operacion-1-de-diciembre\/sociedad\/","title":{"rendered":"Abrir\u00e1 Refugio Invernal en Pachuca por tres meses; inicia operaci\u00f3n 1 de diciembre"},"content":{"rendered":"\n<p>El Refugio Invernal que habilita el ayuntamiento de Pachuca <strong>comenzar\u00e1 operaciones a partir del 1 de diciembre y se mantendr\u00e1 hasta el 29 de febrero,<\/strong> confirm\u00f3 el alcalde Sergio Ba\u00f1os Rubio.<\/p>\n\n\n\n<p>En conferencia de prensa matutina, el mandatario de la capital adelant\u00f3 que en pr\u00f3ximas semanas se podr\u00e1 en marcha el <strong>programa de asistencia que realiza la administraci\u00f3n en conjunto con el Sistema DIF municipal<\/strong> ante la temporada de fr\u00edos.<\/p>\n\n\n\n<p>El programa implica dotar de un <strong>albergue o refugio a las personas en situaci\u00f3n de calle, as\u00ed como a personas en condici\u00f3n de tr\u00e1nsito; <\/strong>es decir, para migrantes ya sean connacionales o extranjeros, para protecci\u00f3n contra las inclemencias de esta temporada invernal.<\/p>\n\n\n\n<figure class=\"wp-block-pullquote\"><blockquote><p>El refugio invernal lo vamos a empezar a colocar a partir del primero de diciembre, sabemos que va a ser un invierno crudo, de mucho fr\u00edo, mucho, pero mucho fr\u00edo\u201d, agreg\u00f3 el alcalde.<\/p><\/blockquote><\/figure>\n\n\n\n<p>De acuerdo con el programa del refugio invernal, <strong>el espacio que se ubica frente a la gasoliner\u00eda de Dos Caminos, en Camerino Mendoza, en la colonia Morelos, <\/strong>como deas hace dos a\u00f1os. Contar\u00e1 con <strong>30 camastros para albergar al mismo n\u00famero de personas <\/strong>que decidan pernoctar ah\u00ed.<\/p>\n\n\n\n<p>En el espacio se dotar\u00e1n de servicios m\u00e9dicos, chequeo y seguimiento a las condiciones o estado de salud de los asistentes para prevenir alg\u00fan malestar que derive en una situaci\u00f3n de gravedad.<\/p>\n\n\n\n<p>Con ayuda de organizaciones de la sociedad civil, se espera la donaci\u00f3n de prendas de vestir, las cuales se entregar\u00e1n para abrigar a los usuarios.<\/p>\n\n\n\n<p>De acuerdo con Rub\u00e9n Escalante Mendez, secretario de Desarrollo Social del municipio, <strong>las personas indigentes y migrantes recibir\u00e1n dos comidas<\/strong>: un desayuno a las 7:00 horas y luego se les desalojar\u00e1; posteriormente, a las 18:00 horas comenzar\u00e1n a recibirlos de nueva cuenta y les ofrecer\u00e1n la cena.<\/p>\n\n\n\n<p>Por cuestiones de salubridad, <strong>las personas con animales de compa\u00f1\u00eda, como perros y gatos, no podr\u00e1n acceder con ellos al refugio<\/strong>, por lo que las mascotas tendr\u00e1n que permanecer afuera. Agreg\u00f3 que tambi\u00e9n existen donativos de alimentos para los animales, por lo que <strong>igualmente recibir\u00e1n\u00a0\u00a0comida.<\/strong><\/p>\n\n\n\n<blockquote class=\"wp-block-quote is-layout-flow wp-block-quote-is-layout-flow\">\n<p>De estar en una carpa, se consigui\u00f3 un lugar digno, donde tienen consulta m\u00e9dica, tienen desayuno y cena calientito, y eso vamos a seguir haci\u00e9ndolo\u201d, presumi\u00f3 Ba\u00f1os Rubio.<\/p>\n<\/blockquote>\n\n\n\n<p>El albergue se mantendr\u00e1 por un espacio de 3 meses, que corresponde a la temporada invernal.<\/p>\n\n\n\n<h3 class=\"wp-block-heading\">DatoAcro<\/h3>\n\n\n\n<p><em>-En ediciones anteriores en promedio 125 personas han acudido a este refugio para el resguardo del fr\u00edo extremo.<\/em><\/p>\n","protected":false},"excerpt":{"rendered":"<p>El Refugio Invernal que habilita el ayuntamiento de Pachuca comenzar\u00e1 operaciones a partir del 1 de diciembre y se mantendr\u00e1 hasta el 29 de febrero, confirm\u00f3 el alcalde Sergio Ba\u00f1os&hellip; <\/p>\n","protected":false},"author":4,"featured_media":9887,"comment_status":"closed","ping_status":"closed","sticky":false,"template":"","format":"standard","meta":{"two_page_speed":[],"_joinchat":[],"footnotes":""},"categories":[57],"tags":[109,91,2166],"class_list":["post-9886","post","type-post","status-publish","format-standard","has-post-thumbnail","hentry","category-sociedad","tag-banos","tag-pachuca","tag-refugio-invernal"],"_links":{"self":[{"href":"https:\/\/revistaacropolis.com\/index.php\/wp-json\/wp\/v2\/posts\/9886","targetHints":{"allow":["GET"]}}],"collection":[{"href":"https:\/\/revistaacropolis.com\/index.php\/wp-json\/wp\/v2\/posts"}],"about":[{"href":"https:\/\/revistaacropolis.com\/index.php\/wp-json\/wp\/v2\/types\/post"}],"author":[{"embeddable":true,"href":"https:\/\/revistaacropolis.com\/index.php\/wp-json\/wp\/v2\/users\/4"}],"replies":[{"embeddable":true,"href":"https:\/\/revistaacropolis.com\/index.php\/wp-json\/wp\/v2\/comments?post=9886"}],"version-history":[{"count":1,"href":"https:\/\/revistaacropolis.com\/index.php\/wp-json\/wp\/v2\/posts\/9886\/revisions"}],"predecessor-version":[{"id":9888,"href":"https:\/\/revistaacropolis.com\/index.php\/wp-json\/wp\/v2\/posts\/9886\/revisions\/9888"}],"wp:featuredmedia":[{"embeddable":true,"href":"https:\/\/revistaacropolis.com\/index.php\/wp-json\/wp\/v2\/media\/9887"}],"wp:attachment":[{"href":"https:\/\/revistaacropolis.com\/index.php\/wp-json\/wp\/v2\/media?parent=9886"}],"wp:term":[{"taxonomy":"category","embeddable":true,"href":"https:\/\/revistaacropolis.com\/index.php\/wp-json\/wp\/v2\/categories?post=9886"},{"taxonomy":"post_tag","embeddable":true,"href":"https:\/\/revistaacropolis.com\/index.php\/wp-json\/wp\/v2\/tags?post=9886"}],"curies":[{"name":"wp","href":"https:\/\/api.w.org\/{rel}","templated":true}]}}